{"id":171,"date":"2024-11-01T09:51:00","date_gmt":"2024-11-01T13:51:00","guid":{"rendered":"https:\/\/gabrielsenn.com\/?p=171"},"modified":"2025-06-17T12:13:34","modified_gmt":"2025-06-17T16:13:34","slug":"activity-book-for-children","status":"publish","type":"post","link":"https:\/\/gabrielsenn.com\/fr\/activity-book-for-children\/","title":{"rendered":"Cahier d\u2019activit\u00e9s pour enfants"},"content":{"rendered":"<figure class=\"wp-block-image size-full\"><img loading=\"lazy\" decoding=\"async\" width=\"2000\" height=\"2560\" src=\"https:\/\/gabrielsenn.com\/gsc-content\/uploads\/2025\/04\/activity-book-cover-scaled.jpg\" alt=\"Kid's Activity Book, Natural Resources Canada, Cover\" class=\"wp-image-57\" srcset=\"https:\/\/gabrielsenn.com\/gsc-content\/uploads\/2025\/04\/activity-book-cover-scaled.jpg 2000w, https:\/\/gabrielsenn.com\/gsc-content\/uploads\/2025\/04\/activity-book-cover-234x300.jpg 234w, https:\/\/gabrielsenn.com\/gsc-content\/uploads\/2025\/04\/activity-book-cover-800x1024.jpg 800w, https:\/\/gabrielsenn.com\/gsc-content\/uploads\/2025\/04\/activity-book-cover-768x983.jpg 768w, https:\/\/gabrielsenn.com\/gsc-content\/uploads\/2025\/04\/activity-book-cover-1200x1536.jpg 1200w, https:\/\/gabrielsenn.com\/gsc-content\/uploads\/2025\/04\/activity-book-cover-1600x2048.jpg 1600w, https:\/\/gabrielsenn.com\/gsc-content\/uploads\/2025\/04\/activity-book-cover-1860x2381.jpg 1860w\" sizes=\"auto, (max-width: 2000px) 100vw, 2000px\" \/><\/figure>\n\n\n\n<figure class=\"wp-block-image size-full\"><img loading=\"lazy\" decoding=\"async\" width=\"1961\" height=\"2560\" src=\"https:\/\/gabrielsenn.com\/gsc-content\/uploads\/2025\/04\/activity-book-spreads-scaled.jpg\" alt=\"Activity Book for Children interior layout\" class=\"wp-image-63\" srcset=\"https:\/\/gabrielsenn.com\/gsc-content\/uploads\/2025\/04\/activity-book-spreads-scaled.jpg 1961w, https:\/\/gabrielsenn.com\/gsc-content\/uploads\/2025\/04\/activity-book-spreads-230x300.jpg 230w, https:\/\/gabrielsenn.com\/gsc-content\/uploads\/2025\/04\/activity-book-spreads-784x1024.jpg 784w, https:\/\/gabrielsenn.com\/gsc-content\/uploads\/2025\/04\/activity-book-spreads-768x1003.jpg 768w, https:\/\/gabrielsenn.com\/gsc-content\/uploads\/2025\/04\/activity-book-spreads-1176x1536.jpg 1176w, https:\/\/gabrielsenn.com\/gsc-content\/uploads\/2025\/04\/activity-book-spreads-1569x2048.jpg 1569w, https:\/\/gabrielsenn.com\/gsc-content\/uploads\/2025\/04\/activity-book-spreads-1200x1567.jpg 1200w, https:\/\/gabrielsenn.com\/gsc-content\/uploads\/2025\/04\/activity-book-spreads-1860x2429.jpg 1860w\" sizes=\"auto, (max-width: 1961px) 100vw, 1961px\" \/><\/figure>\n\n\n\n<hr class=\"wp-block-separator has-alpha-channel-opacity\"\/>\n\n\n\n<p>Comme pour tous nos projets, ce cahier d\u2019activit\u00e9s a \u00e9t\u00e9 con\u00e7u avant tout en fonction de son public cible \u2014 dans ce cas, les \u00e9l\u00e8ves du primaire et leurs enseignant\u00b7e\u00b7s.<\/p>\n\n\n\n<p>Con\u00e7u comme un outil p\u00e9dagogique, il allie un contenu clair et accessible \u00e0 une approche graphique dynamique. Certaines illustrations marquantes des \u00e9ditions pr\u00e9c\u00e9dentes ont \u00e9t\u00e9 r\u00e9utilis\u00e9es, ce qui permet de pr\u00e9server une continuit\u00e9 visuelle tout en maintenant un ton ludique et engageant. Le r\u00e9sultat : une ressource qui favorise l\u2019apprentissage tout en gardant les enfants motiv\u00e9\u00b7e\u00b7s et amus\u00e9\u00b7e\u00b7s.<\/p>\n\n\n\n<p>Ce projet faisait partie d\u2019une s\u00e9rie plus large de supports de communication destin\u00e9s aux jeunes publics. D\u2019autres \u00e9l\u00e9ments de la s\u00e9rie, comme l\u2019affiche&nbsp;<a href=\"https:\/\/gabrielsenn.com\/fr\/artists-wanted-poster\/\"><em>\u00ab Artistes recherch\u00e9\u00b7e\u00b7s \u00bb<\/em>&nbsp;poster<\/a>, sont \u00e9galement pr\u00e9sent\u00e9s dans le portfolio.<\/p>\n\n\n\n<hr class=\"wp-block-separator has-alpha-channel-opacity\"\/>\n\n\n\n<p id=\"block-7a083547-5522-462a-a478-1dd07697936f\">Si j\u2019ai assur\u00e9 la direction cr\u00e9ative et la supervision du projet \u2014 entre autres t\u00e2ches \u2014 pour la plupart des projets de mon portfolio, le r\u00e9sultat final refl\u00e8te un processus collaboratif. J\u2019ai travaill\u00e9 \u00e9troitement avec des professionnel\u00b7le\u00b7s de divers horizons : r\u00e9dacteur\u00b7trice\u00b7s, d\u00e9veloppeur\u00b7euse\u00b7s, illustrateur\u00b7trice\u00b7s, photographes, imprimeur\u00b7euse\u00b7s et coll\u00e8gues designers. Mon r\u00f4le consistait \u00e0 orienter la strat\u00e9gie et \u00e0 veiller \u00e0 la mise en \u0153uvre, tout en valorisant les contributions de chacun\u00b7e. Je crois que diriger en design, c\u2019est comme diriger un orchestre et non jouer de tous les instruments.<\/p>\n\n\n\n<figure class=\"wp-block-image size-full\"><img loading=\"lazy\" decoding=\"async\" width=\"700\" height=\"20\" src=\"https:\/\/gabrielsenn.com\/gsc-content\/uploads\/2025\/06\/artists-wanted-poster-line.png\" alt=\"\" class=\"wp-image-169\" srcset=\"https:\/\/gabrielsenn.com\/gsc-content\/uploads\/2025\/06\/artists-wanted-poster-line.png 700w, https:\/\/gabrielsenn.com\/gsc-content\/uploads\/2025\/06\/artists-wanted-poster-line-300x9.png 300w\" sizes=\"auto, (max-width: 700px) 100vw, 700px\" \/><\/figure>","protected":false},"excerpt":{"rendered":"<p>As with all our projects, this activity book was designed first and foremost with the target audience in mind\u2014in this case, both primary school children and their teachers. Serving as a learning tool, the book combines clear, accessible content with a fresh design approach. We reused select illustrations that had resonated in previous editions, helping [&hellip;]<\/p>\n","protected":false},"author":29,"featured_media":57,"comment_status":"closed","ping_status":"closed","sticky":false,"template":"","format":"standard","meta":{"footnotes":""},"categories":[6,12],"tags":[],"class_list":["post-171","post","type-post","status-publish","format-standard","has-post-thumbnail","hentry","category-editorial","category-infographics","has-thumbnail"],"_links":{"self":[{"href":"https:\/\/gabrielsenn.com\/fr\/wp-json\/wp\/v2\/posts\/171","targetHints":{"allow":["GET"]}}],"collection":[{"href":"https:\/\/gabrielsenn.com\/fr\/wp-json\/wp\/v2\/posts"}],"about":[{"href":"https:\/\/gabrielsenn.com\/fr\/wp-json\/wp\/v2\/types\/post"}],"author":[{"embeddable":true,"href":"https:\/\/gabrielsenn.com\/fr\/wp-json\/wp\/v2\/users\/29"}],"replies":[{"embeddable":true,"href":"https:\/\/gabrielsenn.com\/fr\/wp-json\/wp\/v2\/comments?post=171"}],"version-history":[{"count":3,"href":"https:\/\/gabrielsenn.com\/fr\/wp-json\/wp\/v2\/posts\/171\/revisions"}],"predecessor-version":[{"id":288,"href":"https:\/\/gabrielsenn.com\/fr\/wp-json\/wp\/v2\/posts\/171\/revisions\/288"}],"wp:featuredmedia":[{"embeddable":true,"href":"https:\/\/gabrielsenn.com\/fr\/wp-json\/wp\/v2\/media\/57"}],"wp:attachment":[{"href":"https:\/\/gabrielsenn.com\/fr\/wp-json\/wp\/v2\/media?parent=171"}],"wp:term":[{"taxonomy":"category","embeddable":true,"href":"https:\/\/gabrielsenn.com\/fr\/wp-json\/wp\/v2\/categories?post=171"},{"taxonomy":"post_tag","embeddable":true,"href":"https:\/\/gabrielsenn.com\/fr\/wp-json\/wp\/v2\/tags?post=171"}],"curies":[{"name":"wp","href":"https:\/\/api.w.org\/{rel}","templated":true}]}}