{"id":262,"date":"2024-05-01T13:03:00","date_gmt":"2024-05-01T17:03:00","guid":{"rendered":"https:\/\/gabrielsenn.com\/?p=262"},"modified":"2025-06-17T12:09:09","modified_gmt":"2025-06-17T16:09:09","slug":"support-domestic-workers-org","status":"publish","type":"post","link":"https:\/\/gabrielsenn.com\/fr\/support-domestic-workers-org\/","title":{"rendered":"Support Domestic Workers org <em>(nom non traduit)<\/em>"},"content":{"rendered":"<figure class=\"wp-block-image size-full\"><img loading=\"lazy\" decoding=\"async\" width=\"1328\" height=\"2560\" src=\"https:\/\/gabrielsenn.com\/gsc-content\/uploads\/2025\/06\/supportdomesticworkers-scaled.jpg\" alt=\"supportdomesticworkers.org screenshot\" class=\"wp-image-263\" srcset=\"https:\/\/gabrielsenn.com\/gsc-content\/uploads\/2025\/06\/supportdomesticworkers-scaled.jpg 1328w, https:\/\/gabrielsenn.com\/gsc-content\/uploads\/2025\/06\/supportdomesticworkers-156x300.jpg 156w, https:\/\/gabrielsenn.com\/gsc-content\/uploads\/2025\/06\/supportdomesticworkers-531x1024.jpg 531w, https:\/\/gabrielsenn.com\/gsc-content\/uploads\/2025\/06\/supportdomesticworkers-768x1480.jpg 768w, https:\/\/gabrielsenn.com\/gsc-content\/uploads\/2025\/06\/supportdomesticworkers-797x1536.jpg 797w, https:\/\/gabrielsenn.com\/gsc-content\/uploads\/2025\/06\/supportdomesticworkers-1063x2048.jpg 1063w, https:\/\/gabrielsenn.com\/gsc-content\/uploads\/2025\/06\/supportdomesticworkers-1200x2313.jpg 1200w, https:\/\/gabrielsenn.com\/gsc-content\/uploads\/2025\/06\/supportdomesticworkers-1860x3585.jpg 1860w\" sizes=\"auto, (max-width: 1328px) 100vw, 1328px\" \/><\/figure>\n\n\n\n<hr class=\"wp-block-separator has-alpha-channel-opacity\"\/>\n\n\n\n<p>J\u2019ai con\u00e7u et mis en \u0153uvre un microsite de dons pour la F\u00e9d\u00e9ration internationale des travailleuses et travailleurs domestiques (IDWF), une organisation membre de WIEGO, dans le cadre d\u2019un projet pilote de collecte de fonds cibl\u00e9e.<\/p>\n\n\n\n<p>J\u2019ai dirig\u00e9 la cr\u00e9ation compl\u00e8te du site supportdomesticworkers.org (aujourd\u2019hui hors ligne), incluant la planification du contenu, la conception UX et le d\u00e9veloppement frontal. En collaboration avec l\u2019IDWF et l\u2019\u00e9quipe des communications de WIEGO, nous avons \u00e9labor\u00e9 des messages align\u00e9s sur les appels d\u2019urgence li\u00e9s \u00e0 la COVID-19. Le site offrait une fonctionnalit\u00e9 de dons en ligne s\u00e9curis\u00e9e, et j\u2019ai soutenu la transition op\u00e9rationnelle des comptes financiers de l\u2019IDWF de Hong Kong vers Gen\u00e8ve pour permettre l\u2019initiative. La campagne a mobilis\u00e9 un soutien pour les travailleuses et travailleurs domestiques dans 58 pays pendant la pand\u00e9mie.<\/p>\n\n\n\n<hr class=\"wp-block-separator has-alpha-channel-opacity\"\/>\n\n\n\n<p id=\"block-7a083547-5522-462a-a478-1dd07697936f\">Si j\u2019ai assur\u00e9 la direction cr\u00e9ative et la supervision du projet \u2014 entre autres t\u00e2ches \u2014 pour la plupart des projets de mon portfolio, le r\u00e9sultat final refl\u00e8te un processus collaboratif. J\u2019ai travaill\u00e9 \u00e9troitement avec des professionnel\u00b7le\u00b7s de divers horizons : r\u00e9dacteur\u00b7trice\u00b7s, d\u00e9veloppeur\u00b7euse\u00b7s, illustrateur\u00b7trice\u00b7s, photographes, imprimeur\u00b7euse\u00b7s et coll\u00e8gues designers. Mon r\u00f4le consistait \u00e0 orienter la strat\u00e9gie et \u00e0 veiller \u00e0 la mise en \u0153uvre, tout en valorisant les contributions de chacun\u00b7e. Je crois que diriger en design, c\u2019est comme diriger un orchestre et non jouer de tous les instruments.<\/p>\n\n\n\n<figure class=\"wp-block-image size-full\"><img loading=\"lazy\" decoding=\"async\" width=\"700\" height=\"20\" src=\"https:\/\/gabrielsenn.com\/gsc-content\/uploads\/2025\/06\/supportdomesticworkers-line.png\" alt=\"\" class=\"wp-image-264\" srcset=\"https:\/\/gabrielsenn.com\/gsc-content\/uploads\/2025\/06\/supportdomesticworkers-line.png 700w, https:\/\/gabrielsenn.com\/gsc-content\/uploads\/2025\/06\/supportdomesticworkers-line-300x9.png 300w\" sizes=\"auto, (max-width: 700px) 100vw, 700px\" \/><\/figure>","protected":false},"excerpt":{"rendered":"<p>Developed and implemented a donation microsite for the International Domestic Workers Federation (IDWF), a WIEGO member organization, as part of a targeted fundraising pilot project. Led the end-to-end creation of&nbsp;supportdomesticworkers.org&nbsp;(no longer online), including content planning, UX design, and front-end development. Coordinated with IDWF and WIEGO\u2019s communications team to craft messaging aligned with COVID-19 emergency appeals. [&hellip;]<\/p>\n","protected":false},"author":29,"featured_media":265,"comment_status":"closed","ping_status":"closed","sticky":false,"template":"","format":"standard","meta":{"footnotes":""},"categories":[11,13,7],"tags":[],"class_list":["post-262","post","type-post","status-publish","format-standard","has-post-thumbnail","hentry","category-advertising","category-social-media","category-web-digital","has-thumbnail"],"_links":{"self":[{"href":"https:\/\/gabrielsenn.com\/fr\/wp-json\/wp\/v2\/posts\/262","targetHints":{"allow":["GET"]}}],"collection":[{"href":"https:\/\/gabrielsenn.com\/fr\/wp-json\/wp\/v2\/posts"}],"about":[{"href":"https:\/\/gabrielsenn.com\/fr\/wp-json\/wp\/v2\/types\/post"}],"author":[{"embeddable":true,"href":"https:\/\/gabrielsenn.com\/fr\/wp-json\/wp\/v2\/users\/29"}],"replies":[{"embeddable":true,"href":"https:\/\/gabrielsenn.com\/fr\/wp-json\/wp\/v2\/comments?post=262"}],"version-history":[{"count":2,"href":"https:\/\/gabrielsenn.com\/fr\/wp-json\/wp\/v2\/posts\/262\/revisions"}],"predecessor-version":[{"id":267,"href":"https:\/\/gabrielsenn.com\/fr\/wp-json\/wp\/v2\/posts\/262\/revisions\/267"}],"wp:featuredmedia":[{"embeddable":true,"href":"https:\/\/gabrielsenn.com\/fr\/wp-json\/wp\/v2\/media\/265"}],"wp:attachment":[{"href":"https:\/\/gabrielsenn.com\/fr\/wp-json\/wp\/v2\/media?parent=262"}],"wp:term":[{"taxonomy":"category","embeddable":true,"href":"https:\/\/gabrielsenn.com\/fr\/wp-json\/wp\/v2\/categories?post=262"},{"taxonomy":"post_tag","embeddable":true,"href":"https:\/\/gabrielsenn.com\/fr\/wp-json\/wp\/v2\/tags?post=262"}],"curies":[{"name":"wp","href":"https:\/\/api.w.org\/{rel}","templated":true}]}}