{"id":291,"date":"2024-08-01T09:06:00","date_gmt":"2024-08-01T13:06:00","guid":{"rendered":"https:\/\/gabrielsenn.com\/?p=291"},"modified":"2025-06-17T12:11:20","modified_gmt":"2025-06-17T16:11:20","slug":"global-commission-for-post-pandemic-policy","status":"publish","type":"post","link":"https:\/\/gabrielsenn.com\/fr\/global-commission-for-post-pandemic-policy\/","title":{"rendered":"Commission mondiale sur les politiques post-pand\u00e9mie"},"content":{"rendered":"<figure class=\"wp-block-image size-full\"><img loading=\"lazy\" decoding=\"async\" width=\"2267\" height=\"1876\" src=\"https:\/\/gabrielsenn.com\/gsc-content\/uploads\/2025\/06\/Global-Commission-for-Post-Pandemic-Policy-snapshot.jpg\" alt=\"Global Commission for Post-Pandemic Policy Snapshot\" class=\"wp-image-293\" srcset=\"https:\/\/gabrielsenn.com\/gsc-content\/uploads\/2025\/06\/Global-Commission-for-Post-Pandemic-Policy-snapshot.jpg 2267w, https:\/\/gabrielsenn.com\/gsc-content\/uploads\/2025\/06\/Global-Commission-for-Post-Pandemic-Policy-snapshot-300x248.jpg 300w, https:\/\/gabrielsenn.com\/gsc-content\/uploads\/2025\/06\/Global-Commission-for-Post-Pandemic-Policy-snapshot-1024x847.jpg 1024w, https:\/\/gabrielsenn.com\/gsc-content\/uploads\/2025\/06\/Global-Commission-for-Post-Pandemic-Policy-snapshot-768x636.jpg 768w, https:\/\/gabrielsenn.com\/gsc-content\/uploads\/2025\/06\/Global-Commission-for-Post-Pandemic-Policy-snapshot-1536x1271.jpg 1536w, https:\/\/gabrielsenn.com\/gsc-content\/uploads\/2025\/06\/Global-Commission-for-Post-Pandemic-Policy-snapshot-2048x1695.jpg 2048w, https:\/\/gabrielsenn.com\/gsc-content\/uploads\/2025\/06\/Global-Commission-for-Post-Pandemic-Policy-snapshot-1200x993.jpg 1200w, https:\/\/gabrielsenn.com\/gsc-content\/uploads\/2025\/06\/Global-Commission-for-Post-Pandemic-Policy-snapshot-1860x1539.jpg 1860w\" sizes=\"auto, (max-width: 2267px) 100vw, 2267px\" \/><\/figure>\n\n\n\n<figure class=\"wp-block-image size-full\"><img loading=\"lazy\" decoding=\"async\" width=\"1024\" height=\"2514\" src=\"https:\/\/gabrielsenn.com\/gsc-content\/uploads\/2025\/06\/Global-Commission-for-Post-Pandemic-Policy-home-scaled-1.jpg\" alt=\"Global Commission for Post-Pandemic Policy - Pandemic homepage\" class=\"wp-image-297\" srcset=\"https:\/\/gabrielsenn.com\/gsc-content\/uploads\/2025\/06\/Global-Commission-for-Post-Pandemic-Policy-home-scaled-1.jpg 1024w, https:\/\/gabrielsenn.com\/gsc-content\/uploads\/2025\/06\/Global-Commission-for-Post-Pandemic-Policy-home-scaled-1-122x300.jpg 122w, https:\/\/gabrielsenn.com\/gsc-content\/uploads\/2025\/06\/Global-Commission-for-Post-Pandemic-Policy-home-scaled-1-417x1024.jpg 417w, https:\/\/gabrielsenn.com\/gsc-content\/uploads\/2025\/06\/Global-Commission-for-Post-Pandemic-Policy-home-scaled-1-768x1886.jpg 768w, https:\/\/gabrielsenn.com\/gsc-content\/uploads\/2025\/06\/Global-Commission-for-Post-Pandemic-Policy-home-scaled-1-626x1536.jpg 626w, https:\/\/gabrielsenn.com\/gsc-content\/uploads\/2025\/06\/Global-Commission-for-Post-Pandemic-Policy-home-scaled-1-834x2048.jpg 834w\" sizes=\"auto, (max-width: 1024px) 100vw, 1024px\" \/><\/figure>\n\n\n\n<figure class=\"wp-block-image size-full\"><img loading=\"lazy\" decoding=\"async\" width=\"2267\" height=\"1876\" src=\"https:\/\/gabrielsenn.com\/gsc-content\/uploads\/2025\/06\/Global-Commission-for-Post-Pandemic-Policy-library.jpg\" alt=\"Global Commission for Post-Pandemic Policy - Pandemic Readings\" class=\"wp-image-295\" srcset=\"https:\/\/gabrielsenn.com\/gsc-content\/uploads\/2025\/06\/Global-Commission-for-Post-Pandemic-Policy-library.jpg 2267w, https:\/\/gabrielsenn.com\/gsc-content\/uploads\/2025\/06\/Global-Commission-for-Post-Pandemic-Policy-library-300x248.jpg 300w, https:\/\/gabrielsenn.com\/gsc-content\/uploads\/2025\/06\/Global-Commission-for-Post-Pandemic-Policy-library-1024x847.jpg 1024w, https:\/\/gabrielsenn.com\/gsc-content\/uploads\/2025\/06\/Global-Commission-for-Post-Pandemic-Policy-library-768x636.jpg 768w, https:\/\/gabrielsenn.com\/gsc-content\/uploads\/2025\/06\/Global-Commission-for-Post-Pandemic-Policy-library-1536x1271.jpg 1536w, https:\/\/gabrielsenn.com\/gsc-content\/uploads\/2025\/06\/Global-Commission-for-Post-Pandemic-Policy-library-2048x1695.jpg 2048w, https:\/\/gabrielsenn.com\/gsc-content\/uploads\/2025\/06\/Global-Commission-for-Post-Pandemic-Policy-library-1200x993.jpg 1200w, https:\/\/gabrielsenn.com\/gsc-content\/uploads\/2025\/06\/Global-Commission-for-Post-Pandemic-Policy-library-1860x1539.jpg 1860w\" sizes=\"auto, (max-width: 2267px) 100vw, 2267px\" \/><\/figure>\n\n\n\n<hr class=\"wp-block-separator has-alpha-channel-opacity\"\/>\n\n\n\n<p>Cr\u00e9ation de l\u2019identit\u00e9 visuelle et lancement du site web pour une initiative mondiale dirig\u00e9e par des laur\u00e9at\u00b7e\u00b7s du prix Nobel, d\u2019ancien\u00b7ne\u00b7s chef\u00b7fe\u00b7s d\u2019\u00c9tat et des scientifiques de premier plan, durant la premi\u00e8re vague de la COVID-19. D\u00e9velopp\u00e9 sous forte pression et dans des d\u00e9lais extr\u00eamement serr\u00e9s. Bien que de courte dur\u00e9e et visuellement sobre par n\u00e9cessit\u00e9, le projet a exig\u00e9 un alignement rapide des parties prenantes et une coordination \u00e9troite avec des dirigeant\u00b7e\u00b7s internationaux\u00b7ales en politiques publiques et en science.<\/p>\n\n\n\n<figure class=\"wp-block-image size-full\"><img loading=\"lazy\" decoding=\"async\" width=\"2245\" height=\"2134\" src=\"https:\/\/gabrielsenn.com\/gsc-content\/uploads\/2025\/06\/Global-Commission-for-Post-Pandemic-Policy-report-cover.jpg\" alt=\"Global Commission for Post-Pandemic Policy - Pandemic Report cover\" class=\"wp-image-296\" srcset=\"https:\/\/gabrielsenn.com\/gsc-content\/uploads\/2025\/06\/Global-Commission-for-Post-Pandemic-Policy-report-cover.jpg 2245w, https:\/\/gabrielsenn.com\/gsc-content\/uploads\/2025\/06\/Global-Commission-for-Post-Pandemic-Policy-report-cover-300x285.jpg 300w, https:\/\/gabrielsenn.com\/gsc-content\/uploads\/2025\/06\/Global-Commission-for-Post-Pandemic-Policy-report-cover-1024x973.jpg 1024w, https:\/\/gabrielsenn.com\/gsc-content\/uploads\/2025\/06\/Global-Commission-for-Post-Pandemic-Policy-report-cover-768x730.jpg 768w, https:\/\/gabrielsenn.com\/gsc-content\/uploads\/2025\/06\/Global-Commission-for-Post-Pandemic-Policy-report-cover-1536x1460.jpg 1536w, https:\/\/gabrielsenn.com\/gsc-content\/uploads\/2025\/06\/Global-Commission-for-Post-Pandemic-Policy-report-cover-2048x1947.jpg 2048w, https:\/\/gabrielsenn.com\/gsc-content\/uploads\/2025\/06\/Global-Commission-for-Post-Pandemic-Policy-report-cover-1200x1141.jpg 1200w, https:\/\/gabrielsenn.com\/gsc-content\/uploads\/2025\/06\/Global-Commission-for-Post-Pandemic-Policy-report-cover-1860x1768.jpg 1860w\" sizes=\"auto, (max-width: 2245px) 100vw, 2245px\" \/><\/figure>\n\n\n\n<blockquote class=\"wp-block-quote is-layout-flow wp-block-quote-is-layout-flow\">\n<p><em>\u00ab Parfois, le design ne vise pas la finition parfaite \u2014 il sert \u00e0 aligner rapidement les bonnes personnes. \u00bb<\/em><\/p>\n<\/blockquote>\n\n\n\n<hr class=\"wp-block-separator has-alpha-channel-opacity\"\/>\n\n\n\n<p id=\"block-7a083547-5522-462a-a478-1dd07697936f\">Si j\u2019ai assur\u00e9 la direction cr\u00e9ative et la supervision du projet \u2014 entre autres t\u00e2ches \u2014 pour la plupart des projets de mon portfolio, le r\u00e9sultat final refl\u00e8te un processus collaboratif. J\u2019ai travaill\u00e9 \u00e9troitement avec des professionnel\u00b7le\u00b7s de divers horizons : r\u00e9dacteur\u00b7trice\u00b7s, d\u00e9veloppeur\u00b7euse\u00b7s, illustrateur\u00b7trice\u00b7s, photographes, imprimeur\u00b7euse\u00b7s et coll\u00e8gues designers. Mon r\u00f4le consistait \u00e0 orienter la strat\u00e9gie et \u00e0 veiller \u00e0 la mise en \u0153uvre, tout en valorisant les contributions de chacun\u00b7e. Je crois que diriger en design, c\u2019est comme diriger un orchestre et non jouer de tous les instruments.<\/p>\n\n\n\n<figure class=\"wp-block-image size-full\"><img loading=\"lazy\" decoding=\"async\" width=\"700\" height=\"20\" src=\"https:\/\/gabrielsenn.com\/gsc-content\/uploads\/2025\/06\/global-line.png\" alt=\"colour line\" class=\"wp-image-298\" srcset=\"https:\/\/gabrielsenn.com\/gsc-content\/uploads\/2025\/06\/global-line.png 700w, https:\/\/gabrielsenn.com\/gsc-content\/uploads\/2025\/06\/global-line-300x9.png 300w\" sizes=\"auto, (max-width: 700px) 100vw, 700px\" \/><\/figure>","protected":false},"excerpt":{"rendered":"<p>Created the visual identity and launched the website for a global initiative led by Nobel laureates, former heads of state, and leading scientists during the first wave of COVID-19. Developed under high pressure and extremely tight deadlines. While short-lived and visually restrained by necessity, the project required rapid consensus-building and coordination with international leaders in [&hellip;]<\/p>\n","protected":false},"author":29,"featured_media":292,"comment_status":"closed","ping_status":"closed","sticky":false,"template":"","format":"standard","meta":{"footnotes":""},"categories":[6,7],"tags":[],"class_list":["post-291","post","type-post","status-publish","format-standard","has-post-thumbnail","hentry","category-editorial","category-web-digital","has-thumbnail"],"_links":{"self":[{"href":"https:\/\/gabrielsenn.com\/fr\/wp-json\/wp\/v2\/posts\/291","targetHints":{"allow":["GET"]}}],"collection":[{"href":"https:\/\/gabrielsenn.com\/fr\/wp-json\/wp\/v2\/posts"}],"about":[{"href":"https:\/\/gabrielsenn.com\/fr\/wp-json\/wp\/v2\/types\/post"}],"author":[{"embeddable":true,"href":"https:\/\/gabrielsenn.com\/fr\/wp-json\/wp\/v2\/users\/29"}],"replies":[{"embeddable":true,"href":"https:\/\/gabrielsenn.com\/fr\/wp-json\/wp\/v2\/comments?post=291"}],"version-history":[{"count":2,"href":"https:\/\/gabrielsenn.com\/fr\/wp-json\/wp\/v2\/posts\/291\/revisions"}],"predecessor-version":[{"id":302,"href":"https:\/\/gabrielsenn.com\/fr\/wp-json\/wp\/v2\/posts\/291\/revisions\/302"}],"wp:featuredmedia":[{"embeddable":true,"href":"https:\/\/gabrielsenn.com\/fr\/wp-json\/wp\/v2\/media\/292"}],"wp:attachment":[{"href":"https:\/\/gabrielsenn.com\/fr\/wp-json\/wp\/v2\/media?parent=291"}],"wp:term":[{"taxonomy":"category","embeddable":true,"href":"https:\/\/gabrielsenn.com\/fr\/wp-json\/wp\/v2\/categories?post=291"},{"taxonomy":"post_tag","embeddable":true,"href":"https:\/\/gabrielsenn.com\/fr\/wp-json\/wp\/v2\/tags?post=291"}],"curies":[{"name":"wp","href":"https:\/\/api.w.org\/{rel}","templated":true}]}}