{"id":355,"date":"2024-04-15T14:18:00","date_gmt":"2024-04-15T18:18:00","guid":{"rendered":"https:\/\/gabrielsenn.com\/?p=355"},"modified":"2025-06-19T14:19:11","modified_gmt":"2025-06-19T18:19:11","slug":"commemorative-poster-a-familys-military-legacy","status":"publish","type":"post","link":"https:\/\/gabrielsenn.com\/fr\/commemorative-poster-a-familys-military-legacy\/","title":{"rendered":"Affiche comm\u00e9morative&nbsp;: L\u2019h\u00e9ritage militaire d\u2019une famille"},"content":{"rendered":"<figure class=\"wp-block-image size-full\"><img loading=\"lazy\" decoding=\"async\" width=\"1669\" height=\"2480\" src=\"https:\/\/gabrielsenn.com\/gsc-content\/uploads\/2025\/06\/family-poster.jpg\" alt=\"Family History poster\" class=\"wp-image-357\" srcset=\"https:\/\/gabrielsenn.com\/gsc-content\/uploads\/2025\/06\/family-poster.jpg 1669w, https:\/\/gabrielsenn.com\/gsc-content\/uploads\/2025\/06\/family-poster-202x300.jpg 202w, https:\/\/gabrielsenn.com\/gsc-content\/uploads\/2025\/06\/family-poster-689x1024.jpg 689w, https:\/\/gabrielsenn.com\/gsc-content\/uploads\/2025\/06\/family-poster-768x1141.jpg 768w, https:\/\/gabrielsenn.com\/gsc-content\/uploads\/2025\/06\/family-poster-1034x1536.jpg 1034w, https:\/\/gabrielsenn.com\/gsc-content\/uploads\/2025\/06\/family-poster-1378x2048.jpg 1378w, https:\/\/gabrielsenn.com\/gsc-content\/uploads\/2025\/06\/family-poster-8x12.jpg 8w, https:\/\/gabrielsenn.com\/gsc-content\/uploads\/2025\/06\/family-poster-1200x1783.jpg 1200w\" sizes=\"auto, (max-width: 1669px) 100vw, 1669px\" \/><\/figure>\n\n\n\n<hr class=\"wp-block-separator has-alpha-channel-opacity\"\/>\n\n\n\n<p>Cette affiche comm\u00e9morative unique a \u00e9t\u00e9 r\u00e9alis\u00e9e pour c\u00e9l\u00e9brer l\u2019h\u00e9ritage militaire de la famille d\u2019un ami. Couvrant plus d\u2019un si\u00e8cle \u2014 de la r\u00e9bellion de Riel aux deux guerres mondiales \u2014 elle rassemble dossiers militaires, photographies, uniformes, m\u00e9dailles et souvenirs li\u00e9s \u00e0 sept membres de la m\u00eame famille.<\/p>\n\n\n\n<p>En \u00e9troite collaboration avec les recherches et la documentation historique du client, j\u2019ai pris en charge l\u2019ensemble du processus : conception graphique, restauration de photos anciennes, prise de vue des objets, et narration visuelle. Bien qu\u2019il ne s\u2019agisse pas d\u2019un projet commercial, le travail a exig\u00e9 rigueur, sensibilit\u00e9 et souci du d\u00e9tail \u2014 afin que chaque personne soit honor\u00e9e dans le cadre du r\u00e9cit historique collectif.<\/p>\n\n\n\n<p>Con\u00e7ue comme un objet-souvenir, l\u2019affiche a \u00e9t\u00e9 imprim\u00e9e et remise \u00e0 un cercle restreint de membres de la famille et de descendant\u00b7e\u00b7s \u00e0 l\u2019occasion d\u2019un anniversaire sp\u00e9cial.<\/p>\n\n\n\n<hr class=\"wp-block-separator has-alpha-channel-opacity\"\/>\n\n\n\n<p id=\"block-7a083547-5522-462a-a478-1dd07697936f\">Si j\u2019ai assur\u00e9 la direction cr\u00e9ative et la supervision du projet \u2014 entre autres t\u00e2ches \u2014 pour la plupart des projets de mon portfolio, le r\u00e9sultat final refl\u00e8te un processus collaboratif. J\u2019ai travaill\u00e9 \u00e9troitement avec des professionnel\u00b7le\u00b7s de divers horizons : r\u00e9dacteur\u00b7trice\u00b7s, d\u00e9veloppeur\u00b7euse\u00b7s, illustrateur\u00b7trice\u00b7s, photographes, imprimeur\u00b7euse\u00b7s et coll\u00e8gues designers. Mon r\u00f4le consistait \u00e0 orienter la strat\u00e9gie et \u00e0 veiller \u00e0 la mise en \u0153uvre, tout en valorisant les contributions de chacun\u00b7e. Je crois que diriger en design, c\u2019est comme diriger un orchestre et non jouer de tous les instruments.<\/p>\n\n\n\n<figure class=\"wp-block-image size-full\"><img loading=\"lazy\" decoding=\"async\" width=\"700\" height=\"20\" src=\"https:\/\/gabrielsenn.com\/gsc-content\/uploads\/2025\/06\/history-poster-line.png\" alt=\"colour line\" class=\"wp-image-358\" srcset=\"https:\/\/gabrielsenn.com\/gsc-content\/uploads\/2025\/06\/history-poster-line.png 700w, https:\/\/gabrielsenn.com\/gsc-content\/uploads\/2025\/06\/history-poster-line-300x9.png 300w, https:\/\/gabrielsenn.com\/gsc-content\/uploads\/2025\/06\/history-poster-line-18x1.png 18w\" sizes=\"auto, (max-width: 700px) 100vw, 700px\" \/><\/figure>","protected":false},"excerpt":{"rendered":"<p>This one-of-a-kind commemorative poster was created to celebrate the military legacy of a friend\u2019s family. Spanning over a century\u2014from the Riel Rebellion through both World Wars\u2014the piece brings together service records, photographs, uniforms, medals, and memorabilia connected to seven family members. Working closely with the client\u2019s research and historical documentation, I handled all aspects of [&hellip;]<\/p>\n","protected":false},"author":29,"featured_media":356,"comment_status":"closed","ping_status":"closed","sticky":false,"template":"","format":"standard","meta":{"footnotes":""},"categories":[6,12],"tags":[],"class_list":["post-355","post","type-post","status-publish","format-standard","has-post-thumbnail","hentry","category-editorial","category-infographics","has-thumbnail"],"_links":{"self":[{"href":"https:\/\/gabrielsenn.com\/fr\/wp-json\/wp\/v2\/posts\/355","targetHints":{"allow":["GET"]}}],"collection":[{"href":"https:\/\/gabrielsenn.com\/fr\/wp-json\/wp\/v2\/posts"}],"about":[{"href":"https:\/\/gabrielsenn.com\/fr\/wp-json\/wp\/v2\/types\/post"}],"author":[{"embeddable":true,"href":"https:\/\/gabrielsenn.com\/fr\/wp-json\/wp\/v2\/users\/29"}],"replies":[{"embeddable":true,"href":"https:\/\/gabrielsenn.com\/fr\/wp-json\/wp\/v2\/comments?post=355"}],"version-history":[{"count":1,"href":"https:\/\/gabrielsenn.com\/fr\/wp-json\/wp\/v2\/posts\/355\/revisions"}],"predecessor-version":[{"id":359,"href":"https:\/\/gabrielsenn.com\/fr\/wp-json\/wp\/v2\/posts\/355\/revisions\/359"}],"wp:featuredmedia":[{"embeddable":true,"href":"https:\/\/gabrielsenn.com\/fr\/wp-json\/wp\/v2\/media\/356"}],"wp:attachment":[{"href":"https:\/\/gabrielsenn.com\/fr\/wp-json\/wp\/v2\/media?parent=355"}],"wp:term":[{"taxonomy":"category","embeddable":true,"href":"https:\/\/gabrielsenn.com\/fr\/wp-json\/wp\/v2\/categories?post=355"},{"taxonomy":"post_tag","embeddable":true,"href":"https:\/\/gabrielsenn.com\/fr\/wp-json\/wp\/v2\/tags?post=355"}],"curies":[{"name":"wp","href":"https:\/\/api.w.org\/{rel}","templated":true}]}}