{"id":396,"date":"2024-07-15T10:48:00","date_gmt":"2024-07-15T14:48:00","guid":{"rendered":"https:\/\/gabrielsenn.com\/?p=396"},"modified":"2025-08-18T10:50:13","modified_gmt":"2025-08-18T14:50:13","slug":"marine-cadastre-poster-and-infographic","status":"publish","type":"post","link":"https:\/\/gabrielsenn.com\/fr\/marine-cadastre-poster-and-infographic\/","title":{"rendered":"Affiche et infographie sur le cadastre marin"},"content":{"rendered":"<figure class=\"wp-block-image size-full\"><img loading=\"lazy\" decoding=\"async\" width=\"1091\" height=\"1400\" src=\"https:\/\/gabrielsenn.com\/gsc-content\/uploads\/2025\/08\/cadastre-poster.jpg\" alt=\"Marine Cadastre Poster and Infographic\" class=\"wp-image-397\" srcset=\"https:\/\/gabrielsenn.com\/gsc-content\/uploads\/2025\/08\/cadastre-poster.jpg 1091w, https:\/\/gabrielsenn.com\/gsc-content\/uploads\/2025\/08\/cadastre-poster-234x300.jpg 234w, https:\/\/gabrielsenn.com\/gsc-content\/uploads\/2025\/08\/cadastre-poster-798x1024.jpg 798w, https:\/\/gabrielsenn.com\/gsc-content\/uploads\/2025\/08\/cadastre-poster-768x986.jpg 768w, https:\/\/gabrielsenn.com\/gsc-content\/uploads\/2025\/08\/cadastre-poster-9x12.jpg 9w\" sizes=\"auto, (max-width: 1091px) 100vw, 1091px\" \/><\/figure>\n\n\n\n<hr class=\"wp-block-separator has-alpha-channel-opacity\"\/>\n\n\n\n<p>Con\u00e7ue \u00e0 l\u2019origine comme une affiche autonome, cette pi\u00e8ce illustre la complexit\u00e9 de la gestion des usages concurrents dans l\u2019environnement oc\u00e9anique du Canada. L\u2019objectif \u00e9tait de rendre accessible un contenu dense et technique\u2014des \u00e9nergies renouvelables \u00e0 la protection du patrimoine\u2014\u00e0 un public non sp\u00e9cialiste.<\/p>\n\n\n\n<p>L\u2019infographie en coupe isom\u00e9trique \u00e9quilibre clart\u00e9 et richesse de contenu, en repr\u00e9sentant de mani\u00e8re visuelle les interactions entre les activit\u00e9s marines, c\u00f4ti\u00e8res et terrestres. L\u2019efficacit\u00e9 de cette repr\u00e9sentation a men\u00e9 \u00e0 sa r\u00e9utilisation dans plusieurs publications de RNCan au fil des ans.<\/p>\n\n\n\n<p>For broader use in editorial or online contexts, a simplified version of the illustration was later created. The style\u2014while showing its age\u2014remains effective, and for this reason the updated, vector-based thumbnail is now used for modern display purposes.<\/p>\n\n\n\n<hr class=\"wp-block-separator has-alpha-channel-opacity\"\/>\n\n\n\n<p id=\"block-7a083547-5522-462a-a478-1dd07697936f\">Si j\u2019ai assur\u00e9 la direction cr\u00e9ative et la supervision du projet \u2014 entre autres t\u00e2ches \u2014 pour la plupart des projets de mon portfolio, le r\u00e9sultat final refl\u00e8te un processus collaboratif. J\u2019ai travaill\u00e9 \u00e9troitement avec des professionnel\u00b7le\u00b7s de divers horizons : r\u00e9dacteur\u00b7trice\u00b7s, d\u00e9veloppeur\u00b7euse\u00b7s, illustrateur\u00b7trice\u00b7s, photographes, imprimeur\u00b7euse\u00b7s et coll\u00e8gues designers. Mon r\u00f4le consistait \u00e0 orienter la strat\u00e9gie et \u00e0 veiller \u00e0 la mise en \u0153uvre, tout en valorisant les contributions de chacun\u00b7e. Je crois que diriger en design, c\u2019est comme diriger un orchestre et non jouer de tous les instruments.<\/p>\n\n\n\n<figure class=\"wp-block-image size-full\"><img loading=\"lazy\" decoding=\"async\" width=\"700\" height=\"20\" src=\"https:\/\/gabrielsenn.com\/gsc-content\/uploads\/2025\/08\/cadastre-colour-line.png\" alt=\"colour line graphic\" class=\"wp-image-398\" srcset=\"https:\/\/gabrielsenn.com\/gsc-content\/uploads\/2025\/08\/cadastre-colour-line.png 700w, https:\/\/gabrielsenn.com\/gsc-content\/uploads\/2025\/08\/cadastre-colour-line-300x9.png 300w, https:\/\/gabrielsenn.com\/gsc-content\/uploads\/2025\/08\/cadastre-colour-line-18x1.png 18w\" sizes=\"auto, (max-width: 700px) 100vw, 700px\" \/><\/figure>","protected":false},"excerpt":{"rendered":"<p>Originally designed as a standalone poster, this piece illustrates the complexity of managing competing uses within Canada\u2019s ocean environment. The goal was to communicate dense and technical subject matter\u2014ranging from renewable energy to heritage protection\u2014in a way that was both engaging and accessible to non-specialist audiences. The isometric infographic balances clarity and detail, using a [&hellip;]<\/p>\n","protected":false},"author":29,"featured_media":399,"comment_status":"closed","ping_status":"closed","sticky":false,"template":"","format":"standard","meta":{"footnotes":""},"categories":[6,12],"tags":[],"class_list":["post-396","post","type-post","status-publish","format-standard","has-post-thumbnail","hentry","category-editorial","category-infographics","has-thumbnail"],"_links":{"self":[{"href":"https:\/\/gabrielsenn.com\/fr\/wp-json\/wp\/v2\/posts\/396","targetHints":{"allow":["GET"]}}],"collection":[{"href":"https:\/\/gabrielsenn.com\/fr\/wp-json\/wp\/v2\/posts"}],"about":[{"href":"https:\/\/gabrielsenn.com\/fr\/wp-json\/wp\/v2\/types\/post"}],"author":[{"embeddable":true,"href":"https:\/\/gabrielsenn.com\/fr\/wp-json\/wp\/v2\/users\/29"}],"replies":[{"embeddable":true,"href":"https:\/\/gabrielsenn.com\/fr\/wp-json\/wp\/v2\/comments?post=396"}],"version-history":[{"count":1,"href":"https:\/\/gabrielsenn.com\/fr\/wp-json\/wp\/v2\/posts\/396\/revisions"}],"predecessor-version":[{"id":400,"href":"https:\/\/gabrielsenn.com\/fr\/wp-json\/wp\/v2\/posts\/396\/revisions\/400"}],"wp:featuredmedia":[{"embeddable":true,"href":"https:\/\/gabrielsenn.com\/fr\/wp-json\/wp\/v2\/media\/399"}],"wp:attachment":[{"href":"https:\/\/gabrielsenn.com\/fr\/wp-json\/wp\/v2\/media?parent=396"}],"wp:term":[{"taxonomy":"category","embeddable":true,"href":"https:\/\/gabrielsenn.com\/fr\/wp-json\/wp\/v2\/categories?post=396"},{"taxonomy":"post_tag","embeddable":true,"href":"https:\/\/gabrielsenn.com\/fr\/wp-json\/wp\/v2\/tags?post=396"}],"curies":[{"name":"wp","href":"https:\/\/api.w.org\/{rel}","templated":true}]}}